{"id":769,"date":"2025-08-25T16:40:48","date_gmt":"2025-08-25T14:40:48","guid":{"rendered":"https:\/\/bulcan.bike\/?p=769"},"modified":"2025-08-25T18:26:02","modified_gmt":"2025-08-25T16:26:02","slug":"cuanto-tiempo-de-vida-tiene-una-bicicleta-electrica","status":"publish","type":"post","link":"https:\/\/bulcan.bike\/en\/cuanto-tiempo-de-vida-tiene-una-bicicleta-electrica\/","title":{"rendered":"\u00bfCu\u00e1nto tiempo de vida tiene una bicicleta el\u00e9ctrica?"},"content":{"rendered":"<p>[et_pb_section fb_built=\u00bb1&#8243; _builder_version=\u00bb4.27.4&#8243; _module_preset=\u00bbdefault\u00bb custom_padding=\u00bb0px||||false|false\u00bb hover_enabled=\u00bb0&#8243; global_colors_info=\u00bb{}\u00bb theme_builder_area=\u00bbpost_content\u00bb sticky_enabled=\u00bb0&#8243;][et_pb_row _builder_version=\u00bb4.27.4&#8243; _module_preset=\u00bbdefault\u00bb custom_padding=\u00bb0px||||false|false\u00bb global_colors_info=\u00bb{}\u00bb theme_builder_area=\u00bbpost_content\u00bb][et_pb_column type=\u00bb4_4&#8243; _builder_version=\u00bb4.27.4&#8243; _module_preset=\u00bbdefault\u00bb global_colors_info=\u00bb{}\u00bb theme_builder_area=\u00bbpost_content\u00bb][et_pb_blurb title=\u00bb@ET-DC@eyJkeW5hbWljIjp0cnVlLCJjb250ZW50IjoicG9zdF90aXRsZSIsInNldHRpbmdzIjp7ImJlZm9yZSI6IiIsImFmdGVyIjoiIn19@\u00bb content_max_width=\u00bb100%\u00bb _builder_version=\u00bb4.27.4&#8243; _dynamic_attributes=\u00bbtitle\u00bb _module_preset=\u00bbdefault\u00bb header_level=\u00bbh1&#8243; header_font_size=\u00bb48px\u00bb custom_margin=\u00bb||11px||false|false\u00bb custom_padding=\u00bb||||false|false\u00bb global_colors_info=\u00bb{}\u00bb theme_builder_area=\u00bbpost_content\u00bb][\/et_pb_blurb][et_pb_image src=\u00bb@ET-DC@eyJkeW5hbWljIjp0cnVlLCJjb250ZW50IjoicG9zdF9mZWF0dXJlZF9pbWFnZSIsInNldHRpbmdzIjp7fX0=@\u00bb _builder_version=\u00bb4.27.4&#8243; _dynamic_attributes=\u00bbsrc\u00bb _module_preset=\u00bbdefault\u00bb custom_margin=\u00bb12px|||||\u00bb border_radii=\u00bbon|5px|5px|5px|5px\u00bb global_colors_info=\u00bb{}\u00bb theme_builder_area=\u00bbpost_content\u00bb][\/et_pb_image][et_pb_text _builder_version=\u00bb4.27.4&#8243; _module_preset=\u00bbdefault\u00bb global_colors_info=\u00bb{}\u00bb theme_builder_area=\u00bbpost_content\u00bb]<\/p>\n<p>Las bicicletas el\u00e9ctricas, o e bikes, se han convertido en una revoluci\u00f3n sobre dos ruedas. Pero, como cualquier inversi\u00f3n tecnol\u00f3gica, una de las primeras preguntas que muchos nos hacemos antes de comprar una es: \u00bfcu\u00e1nto dura una bicicleta el\u00e9ctrica?<\/p>\n<p>En este art\u00edculo te lo explico en detalle.<\/p>\n<p>Vamos a desglosar los factores que determinan su longevidad, desde los componentes m\u00e1s delicados hasta los m\u00e1s resistentes, pasando por consejos pr\u00e1cticos y, por supuesto, c\u00f3mo Bulcan puede marcar la diferencia si de rendimiento y vida \u00fatil se trata.<\/p>\n<p>[\/et_pb_text][et_pb_text _builder_version=\u00bb4.27.4&#8243; _module_preset=\u00bbdefault\u00bb global_colors_info=\u00bb{}\u00bb theme_builder_area=\u00bbpost_content\u00bb]<\/p>\n<h2>\u00bfCu\u00e1l es la vida \u00fatil media de una bicicleta el\u00e9ctrica?<\/h2>\n<p>La respuesta corta es: entre 5 y 10 a\u00f1os, aunque depende much\u00edsimo de varios factores.<\/p>\n<p>Una bicicleta el\u00e9ctrica est\u00e1 compuesta por piezas mec\u00e1nicas (cuadro, ruedas, frenos) y componentes electr\u00f3nicos (motor, bater\u00eda, controlador, sensores), y la durabilidad de cada parte es distinta.<\/p>\n<p>Por eso, no podemos hablar de una \u00fanica cifra.<\/p>\n<p>Estimaciones generales:<\/p>\n<ul>\n<li>Bater\u00eda: 3 a 6 a\u00f1os<\/li>\n<li>Motor: 5 a 10 a\u00f1os<\/li>\n<li>Cuadro: 10+ a\u00f1os<\/li>\n<li>Componentes mec\u00e1nicos: 2 a 5 a\u00f1os (seg\u00fan uso)<\/li>\n<\/ul>\n<p>Eso s\u00ed, hay un punto clave: el uso que le des. Una bici que va todos los d\u00edas al trabajo, bajo lluvia y calor, no durar\u00e1 lo mismo que una que solo sale los fi nes de semana.<\/p>\n<p>Otro factor fundamental: la calidad de fabricaci\u00f3n y el mantenimiento.<\/p>\n<p>[\/et_pb_text][et_pb_text _builder_version=\u00bb4.27.4&#8243; _module_preset=\u00bbdefault\u00bb global_colors_info=\u00bb{}\u00bb theme_builder_area=\u00bbpost_content\u00bb]<\/p>\n<h2>La bater\u00eda: el componente que m\u00e1s se desgasta<\/h2>\n<p>La bater\u00eda es, sin duda, la pieza con mayor desgaste en una bicicleta el\u00e9ctrica.<\/p>\n<p>Las bater\u00edas de litio, las m\u00e1s comunes en las e bikes, tienen una vida \u00fatil medida en ciclos de carga (500 a 1.000 ciclos). Esto se traduce en unos 3 a 5 a\u00f1os de uso frecuente.<\/p>\n<p>Factores que reducen su vida \u00fatil:<\/p>\n<ul>\n<li>Descargas y cargas al 100% con frecuencia.<\/li>\n<li>Exposici\u00f3n al calor o fr\u00edo extremos.<\/li>\n<li>Uso de cargadores no originales.<\/li>\n<li>Guardarla descargada mucho tiempo.<\/li>\n<\/ul>\n<p>Consejos para cuidarla:<\/p>\n<ul>\n<li>Cargarla cuando est\u00e9 al 20 30%.<\/li>\n<li>No dejarla enchufada permanentemente al 100%.<\/li>\n<li>Guardarla al 60% si no la usar\u00e1s por semanas.<\/li>\n<li>Mantenerla en un lugar fresco y seco.<\/li>\n<\/ul>\n<p>[\/et_pb_text][et_pb_image src=\u00bbhttps:\/\/bulcan.bike\/wp-content\/uploads\/2025\/08\/bateria-bicicleta-electrica.webp\u00bb alt=\u00bbBater\u00eda de una bicicleta el\u00e9ctrica por dentro\u00bb title_text=\u00bbbateria-bicicleta-electrica\u00bb _builder_version=\u00bb4.27.4&#8243; _module_preset=\u00bbdefault\u00bb global_colors_info=\u00bb{}\u00bb theme_builder_area=\u00bbpost_content\u00bb][\/et_pb_image][et_pb_text _builder_version=\u00bb4.27.4&#8243; _module_preset=\u00bbdefault\u00bb global_colors_info=\u00bb{}\u00bb theme_builder_area=\u00bbpost_content\u00bb]<\/p>\n<h2>El motor: \u00bfcu\u00e1nto dura realmente?<\/h2>\n<p>El motor el\u00e9ctrico de una e bike puede parecer una caja m\u00e1gica, pero en realidad es un componente bastante robusto si se cuida bien.<\/p>\n<p>Los motores brushless (sin escobillas) que usan la mayor\u00eda de bicicletas el\u00e9ctricas tienen una vida \u00fatil estimada de 10.000 a 20.000 km, lo que equivale a 5 a 10 a\u00f1os de uso intensivo.<\/p>\n<h3>El motor tambi\u00e9n tiene partes que se desgastan<\/h3>\n<p>Aunque muchos lo consideran \u201ccerrado\u201d, el motor incluye componentes mec\u00e1nicos que sufren desgaste con el tiempo:<\/p>\n<ul>\n<li>Rodamientos<\/li>\n<li>Juntas<\/li>\n<li>Sellos y sistemas de aislamiento<\/li>\n<\/ul>\n<p>Estos pueden sustituirse en revisiones profesionales, alargando as\u00ed la vida \u00fatil del motor.<\/p>\n<h3>Factores que pueden da\u00f1arlo<\/h3>\n<ul>\n<li>Uso en terrenos para los que no fue dise\u00f1ado.<\/li>\n<li>Calentamiento excesivo, sobre todo con cargas pesadas o cuestas prolongadas.<\/li>\n<li>Falta de mantenimiento el\u00e9ctrico (conexiones, limpieza, revisiones).<\/li>\n<li>Agua y humedad en exceso, que pueden corroer o da\u00f1ar sellos internos.<\/li>\n<\/ul>\n<p>Un motor bien mantenido no solo dura m\u00e1s, sino que conserva su efi ciencia.<\/p>\n<p>Con herramientas de telemetr\u00eda como Bulcan, adem\u00e1s, puedes detectar anomal\u00edas antes de que se conviertan en problemas graves.<\/p>\n<p>[\/et_pb_text][et_pb_image src=\u00bbhttps:\/\/bulcan.bike\/wp-content\/uploads\/2025\/08\/motor-bosch.jpg\u00bb title_text=\u00bbmotor-bosch\u00bb _builder_version=\u00bb4.27.4&#8243; _module_preset=\u00bbdefault\u00bb global_colors_info=\u00bb{}\u00bb theme_builder_area=\u00bbpost_content\u00bb][\/et_pb_image][et_pb_text _builder_version=\u00bb4.27.4&#8243; _module_preset=\u00bbdefault\u00bb global_colors_info=\u00bb{}\u00bb theme_builder_area=\u00bbpost_content\u00bb]<\/p>\n<h2>Cuadro y componentes mec\u00e1nicos: \u00bfresisten m\u00e1s?<\/h2>\n<p>S\u00ed. El cuadro, sobre todo si es de aluminio o acero tratado, puede durar m\u00e1s de una d\u00e9cada sin problemas.<\/p>\n<p>Puntos clave:<\/p>\n<ul>\n<li>Cuadro: muy longevo si no sufre accidentes.<\/li>\n<li>Transmisi\u00f3n (cadena, pi\u00f1ones, platos): suele necesitar cambio cada 2.000 3.000 km.<\/li>\n<li>Frenos: pastillas y discos se desgastan r\u00e1pido, pero son econ\u00f3micos de reemplazar.<\/li>\n<li>Suspensi\u00f3n: requiere mantenimiento regular si la e bike la incluye.<\/li>\n<\/ul>\n<h3>Factores que infl uyen en la durabilidad<\/h3>\n<ul>\n<li><strong>Tipo de uso<\/strong><br \/>Urbano plano \u2192 menos desgaste<br \/>Monta\u00f1a\/trekking \u2192 mayor exigencia<br \/>Uso diario \u2192 m\u00e1s ciclos de bater\u00eda y mayor desgaste<\/li>\n<li><strong>Clima<\/strong><br \/>El fr\u00edo reduce el rendimiento de la bater\u00eda<br \/>El calor acelera su degradaci\u00f3n<br \/>La humedad da\u00f1a conexiones el\u00e9ctricas<\/li>\n<li><strong>Mantenimiento<\/strong><br \/>Revisiones peri\u00f3dicas de frenos, transmisi\u00f3n y software<br \/>Limpieza cuidadosa (sin agua a presi\u00f3n sobre motor o bater\u00eda)<br \/>Guardar la bici en un lugar protegido<\/li>\n<\/ul>\n<p>[\/et_pb_text][et_pb_image src=\u00bbhttps:\/\/bulcan.bike\/wp-content\/uploads\/2025\/08\/tubos-oxidados.webp\u00bb title_text=\u00bbtubos-oxidados\u00bb _builder_version=\u00bb4.27.4&#8243; _module_preset=\u00bbdefault\u00bb global_colors_info=\u00bb{}\u00bb theme_builder_area=\u00bbpost_content\u00bb][\/et_pb_image][et_pb_text _builder_version=\u00bb4.27.4&#8243; _module_preset=\u00bbdefault\u00bb global_colors_info=\u00bb{}\u00bb theme_builder_area=\u00bbpost_content\u00bb]<\/p>\n<h2>C\u00f3mo Bulcan ayuda a extender la vida \u00fatil de tu e bike<\/h2>\n<p>Bulcan no es una bici, ni un accesorio m\u00e1s. Es un dispositivo inteligente que conecta tu ciclocomputador o smartwatch con el motor Bosch de tu e bike, proporcion\u00e1ndote telemetr\u00eda en tiempo real.<\/p>\n<p>Ventajas de Bulcan:<\/p>\n<ul>\n<li>Compatible con Garmin, Wahoo, Coros, Sigma y smartwatches.<\/li>\n<li>Muestra datos del motor y la bater\u00eda en tu dispositivo: potencia, autonom\u00eda, cadencia, temperatura y m\u00e1s.<\/li>\n<li>Permite ajustar tu esfuerzo para que la e bike funcione siempre en su rango \u00f3ptimo.<\/li>\n<li>Previene el desgaste prematuro del motor y la bater\u00eda.<\/li>\n<li>Registra estad\u00edsticas completas de cada ruta para mejorar tu rendimiento y el de tu bici.<\/li>\n<\/ul>\n<p>Con Bulcan, no solo disfrutas m\u00e1s de cada salida: tambi\u00e9n cuidas tu inversi\u00f3n asegurando que tu e bike se mantenga en las mejores condiciones durante m\u00e1s a\u00f1os.<\/p>\n<p>[\/et_pb_text][et_pb_image src=\u00bbhttps:\/\/bulcan.bike\/wp-content\/uploads\/2025\/08\/graficos.webp\u00bb title_text=\u00bbgraficos\u00bb _builder_version=\u00bb4.27.4&#8243; _module_preset=\u00bbdefault\u00bb global_colors_info=\u00bb{}\u00bb theme_builder_area=\u00bbpost_content\u00bb][\/et_pb_image][et_pb_text _builder_version=\u00bb4.27.4&#8243; _module_preset=\u00bbdefault\u00bb global_colors_info=\u00bb{}\u00bb theme_builder_area=\u00bbpost_content\u00bb]<\/p>\n<h2>Consejos pr\u00e1cticos para alargar la vida de tu e bike<\/h2>\n<ul>\n<li>Carga la bater\u00eda entre el 20% y el 80%<\/li>\n<li>Evita exponerla a calor o fr\u00edo extremos<\/li>\n<li>Haz revisiones t\u00e9cnicas cada 1.000 2.000 km<\/li>\n<li>Mant\u00e9n la transmisi\u00f3n limpia y engrasada<\/li>\n<li>Usa piezas originales o certifi cadas<\/li>\n<li>Almac\u00e9nala en lugares secos y protegidos<\/li>\n<\/ul>\n<h2>Cu\u00e1ndo conviene reemplazar piezas clave<\/h2>\n<ul>\n<li>Bater\u00eda: cuando su autonom\u00eda cae por debajo del 50% de la inicial.<\/li>\n<li>Motor: si presenta p\u00e9rdida de potencia o ruidos anormales.<\/li>\n<li>Transmisi\u00f3n: cada 2.000 3.000 km seg\u00fan desgaste.<\/li>\n<li>Frenos: si pierden respuesta o generan ruidos constantes.<\/li>\n<\/ul>\n<p>Con un mantenimiento adecuado, muchas e bikes superan los 10 a\u00f1os de vida \u00fatil.<\/p>\n<p>[\/et_pb_text][et_pb_text _builder_version=\u00bb4.27.4&#8243; _module_preset=\u00bbdefault\u00bb global_colors_info=\u00bb{}\u00bb theme_builder_area=\u00bbpost_content\u00bb]<\/p>\n<h2>Conclusi\u00f3n<\/h2>\n<p>La vida \u00fatil de una bicicleta el\u00e9ctrica depende de c\u00f3mo la uses y la cuides.<\/p>\n<p>Con mantenimiento adecuado, revisiones profesionales y herramientas como Bulcan, puedes alargar su durabilidad y disfrutar de un rendimiento \u00f3ptimo durante a\u00f1os.<\/p>\n<p>Optimiza tu e bike con Bulcan y disfruta de m\u00e1s kil\u00f3metros, m\u00e1s efi ciencia y m\u00e1s seguridad.<\/p>\n<p>[\/et_pb_text][et_pb_comments show_avatar=\u00bboff\u00bb show_count=\u00bboff\u00bb show_meta=\u00bboff\u00bb _builder_version=\u00bb4.27.4&#8243; _module_preset=\u00bbdefault\u00bb header_level=\u00bbh3&#8243; title_level=\u00bbh2&#8243; title_font_size=\u00bb28px\u00bb custom_padding=\u00bb20px||||false|false\u00bb border_width_top=\u00bb1px\u00bb border_color_top=\u00bb#e0e0e0&#8243; border_radii_fields=\u00bbon|5px|5px|5px|5px\u00bb global_colors_info=\u00bb{}\u00bb theme_builder_area=\u00bbpost_content\u00bb][\/et_pb_comments][\/et_pb_column][\/et_pb_row][\/et_pb_section]<\/p>\n","protected":false},"excerpt":{"rendered":"<p>Las bicicletas el\u00e9ctricas, o e bikes, se han convertido en una revoluci\u00f3n sobre dos ruedas. Pero, como cualquier inversi\u00f3n tecnol\u00f3gica, una de las primeras preguntas que muchos nos hacemos antes de comprar una es: \u00bfcu\u00e1nto dura una bicicleta el\u00e9ctrica? En este art\u00edculo te lo explico en detalle. Vamos a desglosar los factores que determinan su [&hellip;]<\/p>\n","protected":false},"author":1,"featured_media":774,"comment_status":"open","ping_status":"open","sticky":false,"template":"","format":"standard","meta":{"_et_pb_use_builder":"on","_et_pb_old_content":"","_et_gb_content_width":"","footnotes":""},"categories":[1],"tags":[],"class_list":["post-769","post","type-post","status-publish","format-standard","has-post-thumbnail","hentry","category-sin-categoria"],"yoast_head":"<!-- This site is optimized with the Yoast SEO plugin v27.5 - https:\/\/yoast.com\/product\/yoast-seo-wordpress\/ -->\n<title>\u00bfCu\u00e1nto tiempo de vida tiene una bicicleta el\u00e9ctrica? - Bulcan<\/title>\n<meta name=\"robots\" content=\"index, follow, max-snippet:-1, max-image-preview:large, max-video-preview:-1\" \/>\n<link rel=\"canonical\" href=\"https:\/\/bulcan.bike\/en\/cuanto-tiempo-de-vida-tiene-una-bicicleta-electrica\/\" \/>\n<meta property=\"og:locale\" content=\"en_GB\" \/>\n<meta property=\"og:type\" content=\"article\" \/>\n<meta property=\"og:title\" content=\"\u00bfCu\u00e1nto tiempo de vida tiene una bicicleta el\u00e9ctrica? - Bulcan\" \/>\n<meta property=\"og:description\" content=\"Las bicicletas el\u00e9ctricas, o e bikes, se han convertido en una revoluci\u00f3n sobre dos ruedas. Pero, como cualquier inversi\u00f3n tecnol\u00f3gica, una de las primeras preguntas que muchos nos hacemos antes de comprar una es: \u00bfcu\u00e1nto dura una bicicleta el\u00e9ctrica? En este art\u00edculo te lo explico en detalle. Vamos a desglosar los factores que determinan su [&hellip;]\" \/>\n<meta property=\"og:url\" content=\"https:\/\/bulcan.bike\/en\/cuanto-tiempo-de-vida-tiene-una-bicicleta-electrica\/\" \/>\n<meta property=\"og:site_name\" content=\"Bulcan\" \/>\n<meta property=\"article:publisher\" content=\"https:\/\/www.facebook.com\/profile.php?id=61565581816241\" \/>\n<meta property=\"article:published_time\" content=\"2025-08-25T14:40:48+00:00\" \/>\n<meta property=\"article:modified_time\" content=\"2025-08-25T16:26:02+00:00\" \/>\n<meta property=\"og:image\" content=\"https:\/\/bulcan.bike\/wp-content\/uploads\/2025\/08\/tiempo-de-vida-bicicleta-electrica.webp\" \/>\n\t<meta property=\"og:image:width\" content=\"922\" \/>\n\t<meta property=\"og:image:height\" content=\"922\" \/>\n\t<meta property=\"og:image:type\" content=\"image\/webp\" \/>\n<meta name=\"author\" content=\"Alejandro\" \/>\n<meta name=\"twitter:card\" content=\"summary_large_image\" \/>\n<meta name=\"twitter:label1\" content=\"Written by\" \/>\n\t<meta name=\"twitter:data1\" content=\"Alejandro\" \/>\n\t<meta name=\"twitter:label2\" content=\"Est. reading time\" \/>\n\t<meta name=\"twitter:data2\" content=\"1 minute\" \/>\n<script type=\"application\/ld+json\" class=\"yoast-schema-graph\">{\"@context\":\"https:\\\/\\\/schema.org\",\"@graph\":[{\"@type\":\"Article\",\"@id\":\"https:\\\/\\\/bulcan.bike\\\/cuanto-tiempo-de-vida-tiene-una-bicicleta-electrica\\\/#article\",\"isPartOf\":{\"@id\":\"https:\\\/\\\/bulcan.bike\\\/cuanto-tiempo-de-vida-tiene-una-bicicleta-electrica\\\/\"},\"author\":{\"name\":\"Alejandro\",\"@id\":\"https:\\\/\\\/bulcan.bike\\\/#\\\/schema\\\/person\\\/322ec33a0f0372137ec838e06de67739\"},\"headline\":\"\u00bfCu\u00e1nto tiempo de vida tiene una bicicleta el\u00e9ctrica?\",\"datePublished\":\"2025-08-25T14:40:48+00:00\",\"dateModified\":\"2025-08-25T16:26:02+00:00\",\"mainEntityOfPage\":{\"@id\":\"https:\\\/\\\/bulcan.bike\\\/cuanto-tiempo-de-vida-tiene-una-bicicleta-electrica\\\/\"},\"wordCount\":1548,\"commentCount\":0,\"publisher\":{\"@id\":\"https:\\\/\\\/bulcan.bike\\\/#organization\"},\"image\":{\"@id\":\"https:\\\/\\\/bulcan.bike\\\/cuanto-tiempo-de-vida-tiene-una-bicicleta-electrica\\\/#primaryimage\"},\"thumbnailUrl\":\"https:\\\/\\\/bulcan.bike\\\/wp-content\\\/uploads\\\/2025\\\/08\\\/tiempo-de-vida-bicicleta-electrica.webp\",\"articleSection\":[\"Sin categor\u00eda\"],\"inLanguage\":\"en-GB\",\"potentialAction\":[{\"@type\":\"CommentAction\",\"name\":\"Comment\",\"target\":[\"https:\\\/\\\/bulcan.bike\\\/cuanto-tiempo-de-vida-tiene-una-bicicleta-electrica\\\/#respond\"]}]},{\"@type\":\"WebPage\",\"@id\":\"https:\\\/\\\/bulcan.bike\\\/cuanto-tiempo-de-vida-tiene-una-bicicleta-electrica\\\/\",\"url\":\"https:\\\/\\\/bulcan.bike\\\/cuanto-tiempo-de-vida-tiene-una-bicicleta-electrica\\\/\",\"name\":\"\u00bfCu\u00e1nto tiempo de vida tiene una bicicleta el\u00e9ctrica? - Bulcan\",\"isPartOf\":{\"@id\":\"https:\\\/\\\/bulcan.bike\\\/#website\"},\"primaryImageOfPage\":{\"@id\":\"https:\\\/\\\/bulcan.bike\\\/cuanto-tiempo-de-vida-tiene-una-bicicleta-electrica\\\/#primaryimage\"},\"image\":{\"@id\":\"https:\\\/\\\/bulcan.bike\\\/cuanto-tiempo-de-vida-tiene-una-bicicleta-electrica\\\/#primaryimage\"},\"thumbnailUrl\":\"https:\\\/\\\/bulcan.bike\\\/wp-content\\\/uploads\\\/2025\\\/08\\\/tiempo-de-vida-bicicleta-electrica.webp\",\"datePublished\":\"2025-08-25T14:40:48+00:00\",\"dateModified\":\"2025-08-25T16:26:02+00:00\",\"breadcrumb\":{\"@id\":\"https:\\\/\\\/bulcan.bike\\\/cuanto-tiempo-de-vida-tiene-una-bicicleta-electrica\\\/#breadcrumb\"},\"inLanguage\":\"en-GB\",\"potentialAction\":[{\"@type\":\"ReadAction\",\"target\":[\"https:\\\/\\\/bulcan.bike\\\/cuanto-tiempo-de-vida-tiene-una-bicicleta-electrica\\\/\"]}]},{\"@type\":\"ImageObject\",\"inLanguage\":\"en-GB\",\"@id\":\"https:\\\/\\\/bulcan.bike\\\/cuanto-tiempo-de-vida-tiene-una-bicicleta-electrica\\\/#primaryimage\",\"url\":\"https:\\\/\\\/bulcan.bike\\\/wp-content\\\/uploads\\\/2025\\\/08\\\/tiempo-de-vida-bicicleta-electrica.webp\",\"contentUrl\":\"https:\\\/\\\/bulcan.bike\\\/wp-content\\\/uploads\\\/2025\\\/08\\\/tiempo-de-vida-bicicleta-electrica.webp\",\"width\":922,\"height\":922,\"caption\":\"cuanto dura una bicicleta electrica\"},{\"@type\":\"BreadcrumbList\",\"@id\":\"https:\\\/\\\/bulcan.bike\\\/cuanto-tiempo-de-vida-tiene-una-bicicleta-electrica\\\/#breadcrumb\",\"itemListElement\":[{\"@type\":\"ListItem\",\"position\":1,\"name\":\"Portada\",\"item\":\"https:\\\/\\\/bulcan.bike\\\/\"},{\"@type\":\"ListItem\",\"position\":2,\"name\":\"\u00bfCu\u00e1nto tiempo de vida tiene una bicicleta el\u00e9ctrica?\"}]},{\"@type\":\"WebSite\",\"@id\":\"https:\\\/\\\/bulcan.bike\\\/#website\",\"url\":\"https:\\\/\\\/bulcan.bike\\\/\",\"name\":\"Bulcan\",\"description\":\"Una soluci\u00f3n r\u00e1pida y sencilla para tener todos los datos de tu ebike\",\"publisher\":{\"@id\":\"https:\\\/\\\/bulcan.bike\\\/#organization\"},\"alternateName\":\"Bulcan\",\"potentialAction\":[{\"@type\":\"SearchAction\",\"target\":{\"@type\":\"EntryPoint\",\"urlTemplate\":\"https:\\\/\\\/bulcan.bike\\\/?s={search_term_string}\"},\"query-input\":{\"@type\":\"PropertyValueSpecification\",\"valueRequired\":true,\"valueName\":\"search_term_string\"}}],\"inLanguage\":\"en-GB\"},{\"@type\":\"Organization\",\"@id\":\"https:\\\/\\\/bulcan.bike\\\/#organization\",\"name\":\"Bulcan\",\"url\":\"https:\\\/\\\/bulcan.bike\\\/\",\"logo\":{\"@type\":\"ImageObject\",\"inLanguage\":\"en-GB\",\"@id\":\"https:\\\/\\\/bulcan.bike\\\/#\\\/schema\\\/logo\\\/image\\\/\",\"url\":\"https:\\\/\\\/bulcan.bike\\\/wp-content\\\/uploads\\\/2025\\\/01\\\/logo-bulcano.png\",\"contentUrl\":\"https:\\\/\\\/bulcan.bike\\\/wp-content\\\/uploads\\\/2025\\\/01\\\/logo-bulcano.png\",\"width\":1772,\"height\":472,\"caption\":\"Bulcan\"},\"image\":{\"@id\":\"https:\\\/\\\/bulcan.bike\\\/#\\\/schema\\\/logo\\\/image\\\/\"},\"sameAs\":[\"https:\\\/\\\/www.facebook.com\\\/profile.php?id=61565581816241\"]},{\"@type\":\"Person\",\"@id\":\"https:\\\/\\\/bulcan.bike\\\/#\\\/schema\\\/person\\\/322ec33a0f0372137ec838e06de67739\",\"name\":\"Alejandro\",\"image\":{\"@type\":\"ImageObject\",\"inLanguage\":\"en-GB\",\"@id\":\"https:\\\/\\\/bulcan.bike\\\/wp-content\\\/litespeed\\\/avatar\\\/120878e207c5e61f50780c1f24f744f9.jpg?ver=1777567182\",\"url\":\"https:\\\/\\\/bulcan.bike\\\/wp-content\\\/litespeed\\\/avatar\\\/120878e207c5e61f50780c1f24f744f9.jpg?ver=1777567182\",\"contentUrl\":\"https:\\\/\\\/bulcan.bike\\\/wp-content\\\/litespeed\\\/avatar\\\/120878e207c5e61f50780c1f24f744f9.jpg?ver=1777567182\",\"caption\":\"Alejandro\"},\"sameAs\":[\"https:\\\/\\\/bulcan.bike\"],\"url\":\"https:\\\/\\\/bulcan.bike\\\/en\\\/author\\\/alejandro\\\/\"}]}<\/script>\n<!-- \/ Yoast SEO plugin. -->","yoast_head_json":{"title":"\u00bfCu\u00e1nto tiempo de vida tiene una bicicleta el\u00e9ctrica? - Bulcan","robots":{"index":"index","follow":"follow","max-snippet":"max-snippet:-1","max-image-preview":"max-image-preview:large","max-video-preview":"max-video-preview:-1"},"canonical":"https:\/\/bulcan.bike\/en\/cuanto-tiempo-de-vida-tiene-una-bicicleta-electrica\/","og_locale":"en_GB","og_type":"article","og_title":"\u00bfCu\u00e1nto tiempo de vida tiene una bicicleta el\u00e9ctrica? - Bulcan","og_description":"Las bicicletas el\u00e9ctricas, o e bikes, se han convertido en una revoluci\u00f3n sobre dos ruedas. Pero, como cualquier inversi\u00f3n tecnol\u00f3gica, una de las primeras preguntas que muchos nos hacemos antes de comprar una es: \u00bfcu\u00e1nto dura una bicicleta el\u00e9ctrica? En este art\u00edculo te lo explico en detalle. Vamos a desglosar los factores que determinan su [&hellip;]","og_url":"https:\/\/bulcan.bike\/en\/cuanto-tiempo-de-vida-tiene-una-bicicleta-electrica\/","og_site_name":"Bulcan","article_publisher":"https:\/\/www.facebook.com\/profile.php?id=61565581816241","article_published_time":"2025-08-25T14:40:48+00:00","article_modified_time":"2025-08-25T16:26:02+00:00","og_image":[{"width":922,"height":922,"url":"https:\/\/bulcan.bike\/wp-content\/uploads\/2025\/08\/tiempo-de-vida-bicicleta-electrica.webp","type":"image\/webp"}],"author":"Alejandro","twitter_card":"summary_large_image","twitter_misc":{"Written by":"Alejandro","Est. reading time":"1 minute"},"schema":{"@context":"https:\/\/schema.org","@graph":[{"@type":"Article","@id":"https:\/\/bulcan.bike\/cuanto-tiempo-de-vida-tiene-una-bicicleta-electrica\/#article","isPartOf":{"@id":"https:\/\/bulcan.bike\/cuanto-tiempo-de-vida-tiene-una-bicicleta-electrica\/"},"author":{"name":"Alejandro","@id":"https:\/\/bulcan.bike\/#\/schema\/person\/322ec33a0f0372137ec838e06de67739"},"headline":"\u00bfCu\u00e1nto tiempo de vida tiene una bicicleta el\u00e9ctrica?","datePublished":"2025-08-25T14:40:48+00:00","dateModified":"2025-08-25T16:26:02+00:00","mainEntityOfPage":{"@id":"https:\/\/bulcan.bike\/cuanto-tiempo-de-vida-tiene-una-bicicleta-electrica\/"},"wordCount":1548,"commentCount":0,"publisher":{"@id":"https:\/\/bulcan.bike\/#organization"},"image":{"@id":"https:\/\/bulcan.bike\/cuanto-tiempo-de-vida-tiene-una-bicicleta-electrica\/#primaryimage"},"thumbnailUrl":"https:\/\/bulcan.bike\/wp-content\/uploads\/2025\/08\/tiempo-de-vida-bicicleta-electrica.webp","articleSection":["Sin categor\u00eda"],"inLanguage":"en-GB","potentialAction":[{"@type":"CommentAction","name":"Comment","target":["https:\/\/bulcan.bike\/cuanto-tiempo-de-vida-tiene-una-bicicleta-electrica\/#respond"]}]},{"@type":"WebPage","@id":"https:\/\/bulcan.bike\/cuanto-tiempo-de-vida-tiene-una-bicicleta-electrica\/","url":"https:\/\/bulcan.bike\/cuanto-tiempo-de-vida-tiene-una-bicicleta-electrica\/","name":"\u00bfCu\u00e1nto tiempo de vida tiene una bicicleta el\u00e9ctrica? - Bulcan","isPartOf":{"@id":"https:\/\/bulcan.bike\/#website"},"primaryImageOfPage":{"@id":"https:\/\/bulcan.bike\/cuanto-tiempo-de-vida-tiene-una-bicicleta-electrica\/#primaryimage"},"image":{"@id":"https:\/\/bulcan.bike\/cuanto-tiempo-de-vida-tiene-una-bicicleta-electrica\/#primaryimage"},"thumbnailUrl":"https:\/\/bulcan.bike\/wp-content\/uploads\/2025\/08\/tiempo-de-vida-bicicleta-electrica.webp","datePublished":"2025-08-25T14:40:48+00:00","dateModified":"2025-08-25T16:26:02+00:00","breadcrumb":{"@id":"https:\/\/bulcan.bike\/cuanto-tiempo-de-vida-tiene-una-bicicleta-electrica\/#breadcrumb"},"inLanguage":"en-GB","potentialAction":[{"@type":"ReadAction","target":["https:\/\/bulcan.bike\/cuanto-tiempo-de-vida-tiene-una-bicicleta-electrica\/"]}]},{"@type":"ImageObject","inLanguage":"en-GB","@id":"https:\/\/bulcan.bike\/cuanto-tiempo-de-vida-tiene-una-bicicleta-electrica\/#primaryimage","url":"https:\/\/bulcan.bike\/wp-content\/uploads\/2025\/08\/tiempo-de-vida-bicicleta-electrica.webp","contentUrl":"https:\/\/bulcan.bike\/wp-content\/uploads\/2025\/08\/tiempo-de-vida-bicicleta-electrica.webp","width":922,"height":922,"caption":"cuanto dura una bicicleta electrica"},{"@type":"BreadcrumbList","@id":"https:\/\/bulcan.bike\/cuanto-tiempo-de-vida-tiene-una-bicicleta-electrica\/#breadcrumb","itemListElement":[{"@type":"ListItem","position":1,"name":"Portada","item":"https:\/\/bulcan.bike\/"},{"@type":"ListItem","position":2,"name":"\u00bfCu\u00e1nto tiempo de vida tiene una bicicleta el\u00e9ctrica?"}]},{"@type":"WebSite","@id":"https:\/\/bulcan.bike\/#website","url":"https:\/\/bulcan.bike\/","name":"Bulcan","description":"Una soluci\u00f3n r\u00e1pida y sencilla para tener todos los datos de tu ebike","publisher":{"@id":"https:\/\/bulcan.bike\/#organization"},"alternateName":"Bulcan","potentialAction":[{"@type":"SearchAction","target":{"@type":"EntryPoint","urlTemplate":"https:\/\/bulcan.bike\/?s={search_term_string}"},"query-input":{"@type":"PropertyValueSpecification","valueRequired":true,"valueName":"search_term_string"}}],"inLanguage":"en-GB"},{"@type":"Organization","@id":"https:\/\/bulcan.bike\/#organization","name":"Bulcan","url":"https:\/\/bulcan.bike\/","logo":{"@type":"ImageObject","inLanguage":"en-GB","@id":"https:\/\/bulcan.bike\/#\/schema\/logo\/image\/","url":"https:\/\/bulcan.bike\/wp-content\/uploads\/2025\/01\/logo-bulcano.png","contentUrl":"https:\/\/bulcan.bike\/wp-content\/uploads\/2025\/01\/logo-bulcano.png","width":1772,"height":472,"caption":"Bulcan"},"image":{"@id":"https:\/\/bulcan.bike\/#\/schema\/logo\/image\/"},"sameAs":["https:\/\/www.facebook.com\/profile.php?id=61565581816241"]},{"@type":"Person","@id":"https:\/\/bulcan.bike\/#\/schema\/person\/322ec33a0f0372137ec838e06de67739","name":"Alejandro","image":{"@type":"ImageObject","inLanguage":"en-GB","@id":"https:\/\/bulcan.bike\/wp-content\/litespeed\/avatar\/120878e207c5e61f50780c1f24f744f9.jpg?ver=1777567182","url":"https:\/\/bulcan.bike\/wp-content\/litespeed\/avatar\/120878e207c5e61f50780c1f24f744f9.jpg?ver=1777567182","contentUrl":"https:\/\/bulcan.bike\/wp-content\/litespeed\/avatar\/120878e207c5e61f50780c1f24f744f9.jpg?ver=1777567182","caption":"Alejandro"},"sameAs":["https:\/\/bulcan.bike"],"url":"https:\/\/bulcan.bike\/en\/author\/alejandro\/"}]}},"_links":{"self":[{"href":"https:\/\/bulcan.bike\/en\/wp-json\/wp\/v2\/posts\/769","targetHints":{"allow":["GET"]}}],"collection":[{"href":"https:\/\/bulcan.bike\/en\/wp-json\/wp\/v2\/posts"}],"about":[{"href":"https:\/\/bulcan.bike\/en\/wp-json\/wp\/v2\/types\/post"}],"author":[{"embeddable":true,"href":"https:\/\/bulcan.bike\/en\/wp-json\/wp\/v2\/users\/1"}],"replies":[{"embeddable":true,"href":"https:\/\/bulcan.bike\/en\/wp-json\/wp\/v2\/comments?post=769"}],"version-history":[{"count":16,"href":"https:\/\/bulcan.bike\/en\/wp-json\/wp\/v2\/posts\/769\/revisions"}],"predecessor-version":[{"id":827,"href":"https:\/\/bulcan.bike\/en\/wp-json\/wp\/v2\/posts\/769\/revisions\/827"}],"wp:featuredmedia":[{"embeddable":true,"href":"https:\/\/bulcan.bike\/en\/wp-json\/wp\/v2\/media\/774"}],"wp:attachment":[{"href":"https:\/\/bulcan.bike\/en\/wp-json\/wp\/v2\/media?parent=769"}],"wp:term":[{"taxonomy":"category","embeddable":true,"href":"https:\/\/bulcan.bike\/en\/wp-json\/wp\/v2\/categories?post=769"},{"taxonomy":"post_tag","embeddable":true,"href":"https:\/\/bulcan.bike\/en\/wp-json\/wp\/v2\/tags?post=769"}],"curies":[{"name":"wp","href":"https:\/\/api.w.org\/{rel}","templated":true}]}}